{"id":361,"date":"2024-12-19T16:21:06","date_gmt":"2024-12-19T16:21:06","guid":{"rendered":"https:\/\/oliveiradosbrejinhos.com.br\/cetit\/?p=361"},"modified":"2024-12-19T16:27:30","modified_gmt":"2024-12-19T16:27:30","slug":"confracetit-2024","status":"publish","type":"post","link":"https:\/\/oliveiradosbrejinhos.com.br\/cetit\/confracetit-2024\/","title":{"rendered":"ConfraCETIT 2024"},"content":{"rendered":"<h1>ConfraCETIT &#8211; 2\u00aa Edi\u00e7\u00e3o<\/h1>\n<p><span style=\"font-size: 14pt;\">Na noite dessa quarta-feira, \u00e0s <strong>19h,<\/strong> no p\u00e1tio do <strong>CETIT,<\/strong> localizado na <strong>Av. Eng\u00ba Ant\u00f4nio Leite do Vale<\/strong>, aconteceu a <strong>2\u00aa Edi\u00e7\u00e3o<\/strong> do <strong>ConfraCETIT,<\/strong> evento no qual se re\u00fane toda a equipe do <strong>Col\u00e9gio Estadual de Tempo Integral Tiradentes<\/strong> para confraternizar entre si, familiares e amigos o ano corrente, neste caso, <strong>2024.<\/strong><\/span><\/p>\n<p><span style=\"font-size: 14pt;\">O ambiente esteve finamente preparado para o evento que contou com buffet, m\u00fasica ao vivo e muita alegria.<\/span><\/p>\n<p><span style=\"font-size: 14pt;\">Durante algumas horas, o grupo se divertiu, degustou pratos e ingeriu sucos e refrigerantes num dos momentos mais agrad\u00e1veis deste ano letivo. Falaram aos presentes a Vice-diretora <strong>Rose Nogueira<\/strong>, o Gestor<strong> Luciano Lunardi<\/strong> e o Coordenador <strong>Rom\u00e1rio Jorge<\/strong>. Em suas falas, destacaram e agradeceram os trabalhos realizados durante o ano, o empenho de toda a equipe, sejam o corpo docente, a gest\u00e3o e todo o pessoal de apoio.<\/span><\/p>\n<p><span style=\"font-size: 14pt;\">No palco, <strong>Tom Bahia<\/strong> apresentou um repert\u00f3rio \u00e0 altura, resgatando belas p\u00e1ginas da m\u00fasica popular brasileira, abrilhantando esse momento que pode ser colocado como um exemplo de que o trabalho, apesar de todos os desafios, ainda \u00e9 a melhor forma de conseguir alcan\u00e7ar objetivos, al\u00e9m de proporcionar bem-estar e disposi\u00e7\u00e3o para novas investidas.<\/span><\/p>\n<p><span style=\"font-size: 14pt;\">Eu, <strong>Carlos Dourado<\/strong>, particularmente agrade\u00e7o pela acolhida, onde estive presente com minhas duas filhas, <strong>Gaby<\/strong> e <strong>Lara Dourado<\/strong>, esta \u00faltima se divertiu bastante com outras crian\u00e7as num ambiente \u00e0 parte e se sentiram satisfeitas com tudo que ali foi apresentado.<\/span><\/p>\n<p><span style=\"font-size: 14pt;\">Que outas oportunidades como essa venham e fa\u00e7am parte da rotina dessa escola que, tanto a arquitetura como o pedag\u00f3gico e administrativo, t\u00eam feito a diferen\u00e7a na educa\u00e7\u00e3o de nosso munic\u00edpio e da Bahia!<\/span><\/p>\n<p><strong><span style=\"font-size: 14pt;\">Feliz Natal e um ano de 2025 cheio de boas conquistas!<\/span><\/strong><\/p>\n<p><a href=\"https:\/\/oliveiradosbrejinhos.com.br\/cetit\/wp-content\/uploads\/2024\/12\/181224-confracet24.jpeg\" target=\"_blank\" rel=\"noopener\"><img loading=\"lazy\" decoding=\"async\" class=\"alignnone wp-image-364 size-medium\" title=\"ConfraCETIT\" src=\"https:\/\/oliveiradosbrejinhos.com.br\/cetit\/wp-content\/uploads\/2024\/12\/181224-confracet24-226x300.jpeg\" alt=\"\" width=\"226\" height=\"300\" srcset=\"https:\/\/oliveiradosbrejinhos.com.br\/cetit\/wp-content\/uploads\/2024\/12\/181224-confracet24-226x300.jpeg 226w, https:\/\/oliveiradosbrejinhos.com.br\/cetit\/wp-content\/uploads\/2024\/12\/181224-confracet24-770x1024.jpeg 770w, https:\/\/oliveiradosbrejinhos.com.br\/cetit\/wp-content\/uploads\/2024\/12\/181224-confracet24-768x1021.jpeg 768w, https:\/\/oliveiradosbrejinhos.com.br\/cetit\/wp-content\/uploads\/2024\/12\/181224-confracet24-203x270.jpeg 203w, https:\/\/oliveiradosbrejinhos.com.br\/cetit\/wp-content\/uploads\/2024\/12\/181224-confracet24.jpeg 963w\" sizes=\"auto, (max-width: 226px) 100vw, 226px\" \/><\/a><\/p>\n","protected":false},"excerpt":{"rendered":"<p>ConfraCETIT &#8211; 2\u00aa Edi\u00e7\u00e3o Na noite dessa quarta-feira, \u00e0s 19h, no p\u00e1tio do CETIT, localizado na Av. Eng\u00ba Ant\u00f4nio Leite do Vale, aconteceu a 2\u00aa Edi\u00e7\u00e3o do ConfraCETIT, evento no qual se re\u00fane toda a equipe do Col\u00e9gio Estadual de <a href=\"https:\/\/oliveiradosbrejinhos.com.br\/cetit\/confracetit-2024\/\" class=\"read-more\">Leia mais &#8230;<\/a><\/p>\n","protected":false},"author":1,"featured_media":362,"comment_status":"open","ping_status":"open","sticky":false,"template":"","format":"standard","meta":{"ngg_post_thumbnail":0,"footnotes":""},"categories":[17],"tags":[],"class_list":["post-361","post","type-post","status-publish","format-standard","has-post-thumbnail","hentry","category-eventos"],"views":9,"_links":{"self":[{"href":"https:\/\/oliveiradosbrejinhos.com.br\/cetit\/wp-json\/wp\/v2\/posts\/361","targetHints":{"allow":["GET"]}}],"collection":[{"href":"https:\/\/oliveiradosbrejinhos.com.br\/cetit\/wp-json\/wp\/v2\/posts"}],"about":[{"href":"https:\/\/oliveiradosbrejinhos.com.br\/cetit\/wp-json\/wp\/v2\/types\/post"}],"author":[{"embeddable":true,"href":"https:\/\/oliveiradosbrejinhos.com.br\/cetit\/wp-json\/wp\/v2\/users\/1"}],"replies":[{"embeddable":true,"href":"https:\/\/oliveiradosbrejinhos.com.br\/cetit\/wp-json\/wp\/v2\/comments?post=361"}],"version-history":[{"count":4,"href":"https:\/\/oliveiradosbrejinhos.com.br\/cetit\/wp-json\/wp\/v2\/posts\/361\/revisions"}],"predecessor-version":[{"id":365,"href":"https:\/\/oliveiradosbrejinhos.com.br\/cetit\/wp-json\/wp\/v2\/posts\/361\/revisions\/365"}],"wp:featuredmedia":[{"embeddable":true,"href":"https:\/\/oliveiradosbrejinhos.com.br\/cetit\/wp-json\/wp\/v2\/media\/362"}],"wp:attachment":[{"href":"https:\/\/oliveiradosbrejinhos.com.br\/cetit\/wp-json\/wp\/v2\/media?parent=361"}],"wp:term":[{"taxonomy":"category","embeddable":true,"href":"https:\/\/oliveiradosbrejinhos.com.br\/cetit\/wp-json\/wp\/v2\/categories?post=361"},{"taxonomy":"post_tag","embeddable":true,"href":"https:\/\/oliveiradosbrejinhos.com.br\/cetit\/wp-json\/wp\/v2\/tags?post=361"}],"curies":[{"name":"wp","href":"https:\/\/api.w.org\/{rel}","templated":true}]}}