{"id":468,"date":"2025-02-25T17:59:14","date_gmt":"2025-02-25T17:59:14","guid":{"rendered":"https:\/\/oliveiradosbrejinhos.com.br\/cetit\/?p=468"},"modified":"2025-02-25T20:48:47","modified_gmt":"2025-02-25T20:48:47","slug":"cetit-utilidade-publica","status":"publish","type":"post","link":"https:\/\/oliveiradosbrejinhos.com.br\/cetit\/cetit-utilidade-publica\/","title":{"rendered":"CETIT &#8211; Utilidade P\u00fablica"},"content":{"rendered":"<h3><span style=\"text-decoration: underline; color: #0000ff;\">PROGRAMA P\u00c9 DE MEIA<\/span><\/h3>\n<p><a href=\"https:\/\/www.gov.br\/mec\/pt-br\/pe-de-meia\" target=\"_blank\" rel=\"noopener\"><img loading=\"lazy\" decoding=\"async\" class=\"alignright wp-image-469 size-full\" src=\"https:\/\/oliveiradosbrejinhos.com.br\/cetit\/wp-content\/uploads\/2025\/02\/250225-banner-pe-de-meia.jpeg\" alt=\"\" width=\"1151\" height=\"361\" srcset=\"https:\/\/oliveiradosbrejinhos.com.br\/cetit\/wp-content\/uploads\/2025\/02\/250225-banner-pe-de-meia.jpeg 1151w, https:\/\/oliveiradosbrejinhos.com.br\/cetit\/wp-content\/uploads\/2025\/02\/250225-banner-pe-de-meia-300x94.jpeg 300w, https:\/\/oliveiradosbrejinhos.com.br\/cetit\/wp-content\/uploads\/2025\/02\/250225-banner-pe-de-meia-1024x321.jpeg 1024w, https:\/\/oliveiradosbrejinhos.com.br\/cetit\/wp-content\/uploads\/2025\/02\/250225-banner-pe-de-meia-768x241.jpeg 768w, https:\/\/oliveiradosbrejinhos.com.br\/cetit\/wp-content\/uploads\/2025\/02\/250225-banner-pe-de-meia-360x113.jpeg 360w\" sizes=\"auto, (max-width: 1151px) 100vw, 1151px\" \/><\/a><\/p>\n<p>&nbsp;<\/p>\n<hr>\n<table style=\"border-collapse: collapse; width: 100%;\">\n<tbody>\n<tr>\n<td style=\"width: 33.3333%;\"><a href=\"https:\/\/oliveiradosbrejinhos.com.br\/cetit\/wp-content\/uploads\/2025\/02\/250225-pe-de-meia.jpeg\" target=\"_blank\" rel=\"noopener\"><img loading=\"lazy\" decoding=\"async\" class=\"alignright wp-image-472 size-full\" src=\"https:\/\/oliveiradosbrejinhos.com.br\/cetit\/wp-content\/uploads\/2025\/02\/250225-pe-de-meia.jpeg\" alt=\"\" width=\"819\" height=\"1023\" srcset=\"https:\/\/oliveiradosbrejinhos.com.br\/cetit\/wp-content\/uploads\/2025\/02\/250225-pe-de-meia.jpeg 819w, https:\/\/oliveiradosbrejinhos.com.br\/cetit\/wp-content\/uploads\/2025\/02\/250225-pe-de-meia-240x300.jpeg 240w, https:\/\/oliveiradosbrejinhos.com.br\/cetit\/wp-content\/uploads\/2025\/02\/250225-pe-de-meia-768x959.jpeg 768w, https:\/\/oliveiradosbrejinhos.com.br\/cetit\/wp-content\/uploads\/2025\/02\/250225-pe-de-meia-216x270.jpeg 216w\" sizes=\"auto, (max-width: 819px) 100vw, 819px\" \/><\/a><\/td>\n<td style=\"width: 33.3333%;\"><a href=\"https:\/\/oliveiradosbrejinhos.com.br\/cetit\/wp-content\/uploads\/2025\/02\/250225-pe-de-meia_04.jpeg\" target=\"_blank\" rel=\"noopener\"><img loading=\"lazy\" decoding=\"async\" class=\"alignleft wp-image-475 size-full\" src=\"https:\/\/oliveiradosbrejinhos.com.br\/cetit\/wp-content\/uploads\/2025\/02\/250225-pe-de-meia_04.jpeg\" alt=\"\" width=\"819\" height=\"1023\" srcset=\"https:\/\/oliveiradosbrejinhos.com.br\/cetit\/wp-content\/uploads\/2025\/02\/250225-pe-de-meia_04.jpeg 819w, https:\/\/oliveiradosbrejinhos.com.br\/cetit\/wp-content\/uploads\/2025\/02\/250225-pe-de-meia_04-240x300.jpeg 240w, https:\/\/oliveiradosbrejinhos.com.br\/cetit\/wp-content\/uploads\/2025\/02\/250225-pe-de-meia_04-768x959.jpeg 768w, https:\/\/oliveiradosbrejinhos.com.br\/cetit\/wp-content\/uploads\/2025\/02\/250225-pe-de-meia_04-216x270.jpeg 216w\" sizes=\"auto, (max-width: 819px) 100vw, 819px\" \/><\/a><\/td>\n<td style=\"width: 33.3333%;\"><a href=\"https:\/\/oliveiradosbrejinhos.com.br\/cetit\/wp-content\/uploads\/2025\/02\/250225-pe-de-meia_02.jpeg\" target=\"_blank\" rel=\"noopener\"><img loading=\"lazy\" decoding=\"async\" class=\"alignleft wp-image-473 size-full\" src=\"https:\/\/oliveiradosbrejinhos.com.br\/cetit\/wp-content\/uploads\/2025\/02\/250225-pe-de-meia_02.jpeg\" alt=\"\" width=\"819\" height=\"1023\" srcset=\"https:\/\/oliveiradosbrejinhos.com.br\/cetit\/wp-content\/uploads\/2025\/02\/250225-pe-de-meia_02.jpeg 819w, https:\/\/oliveiradosbrejinhos.com.br\/cetit\/wp-content\/uploads\/2025\/02\/250225-pe-de-meia_02-240x300.jpeg 240w, https:\/\/oliveiradosbrejinhos.com.br\/cetit\/wp-content\/uploads\/2025\/02\/250225-pe-de-meia_02-768x959.jpeg 768w, https:\/\/oliveiradosbrejinhos.com.br\/cetit\/wp-content\/uploads\/2025\/02\/250225-pe-de-meia_02-216x270.jpeg 216w\" sizes=\"auto, (max-width: 819px) 100vw, 819px\" \/><\/a><\/td>\n<\/tr>\n<tr>\n<td style=\"width: 33.3333%;\"><a href=\"https:\/\/oliveiradosbrejinhos.com.br\/cetit\/wp-content\/uploads\/2025\/02\/250225-pe-de-meia_03.jpeg\" target=\"_blank\" rel=\"noopener\"><img loading=\"lazy\" decoding=\"async\" class=\"alignleft wp-image-474 size-full\" src=\"https:\/\/oliveiradosbrejinhos.com.br\/cetit\/wp-content\/uploads\/2025\/02\/250225-pe-de-meia_03.jpeg\" alt=\"\" width=\"819\" height=\"1023\" srcset=\"https:\/\/oliveiradosbrejinhos.com.br\/cetit\/wp-content\/uploads\/2025\/02\/250225-pe-de-meia_03.jpeg 819w, https:\/\/oliveiradosbrejinhos.com.br\/cetit\/wp-content\/uploads\/2025\/02\/250225-pe-de-meia_03-240x300.jpeg 240w, https:\/\/oliveiradosbrejinhos.com.br\/cetit\/wp-content\/uploads\/2025\/02\/250225-pe-de-meia_03-768x959.jpeg 768w, https:\/\/oliveiradosbrejinhos.com.br\/cetit\/wp-content\/uploads\/2025\/02\/250225-pe-de-meia_03-216x270.jpeg 216w\" sizes=\"auto, (max-width: 819px) 100vw, 819px\" \/><\/a><\/td>\n<td style=\"width: 33.3333%;\"><a href=\"https:\/\/oliveiradosbrejinhos.com.br\/cetit\/wp-content\/uploads\/2025\/02\/250225-pe-de-meia_07.jpeg\" target=\"_blank\" rel=\"noopener\"><img loading=\"lazy\" decoding=\"async\" class=\"alignleft wp-image-478 size-full\" src=\"https:\/\/oliveiradosbrejinhos.com.br\/cetit\/wp-content\/uploads\/2025\/02\/250225-pe-de-meia_07.jpeg\" alt=\"\" width=\"819\" height=\"1023\" srcset=\"https:\/\/oliveiradosbrejinhos.com.br\/cetit\/wp-content\/uploads\/2025\/02\/250225-pe-de-meia_07.jpeg 819w, https:\/\/oliveiradosbrejinhos.com.br\/cetit\/wp-content\/uploads\/2025\/02\/250225-pe-de-meia_07-240x300.jpeg 240w, https:\/\/oliveiradosbrejinhos.com.br\/cetit\/wp-content\/uploads\/2025\/02\/250225-pe-de-meia_07-768x959.jpeg 768w, https:\/\/oliveiradosbrejinhos.com.br\/cetit\/wp-content\/uploads\/2025\/02\/250225-pe-de-meia_07-216x270.jpeg 216w\" sizes=\"auto, (max-width: 819px) 100vw, 819px\" \/><\/a><\/td>\n<td style=\"width: 33.3333%;\"><a href=\"https:\/\/oliveiradosbrejinhos.com.br\/cetit\/wp-content\/uploads\/2025\/02\/250225-pe-de-meia_05.jpeg\" target=\"_blank\" rel=\"noopener\"><img loading=\"lazy\" decoding=\"async\" class=\"alignright wp-image-476 size-full\" src=\"https:\/\/oliveiradosbrejinhos.com.br\/cetit\/wp-content\/uploads\/2025\/02\/250225-pe-de-meia_05.jpeg\" alt=\"\" width=\"819\" height=\"1023\" srcset=\"https:\/\/oliveiradosbrejinhos.com.br\/cetit\/wp-content\/uploads\/2025\/02\/250225-pe-de-meia_05.jpeg 819w, https:\/\/oliveiradosbrejinhos.com.br\/cetit\/wp-content\/uploads\/2025\/02\/250225-pe-de-meia_05-240x300.jpeg 240w, https:\/\/oliveiradosbrejinhos.com.br\/cetit\/wp-content\/uploads\/2025\/02\/250225-pe-de-meia_05-768x959.jpeg 768w, https:\/\/oliveiradosbrejinhos.com.br\/cetit\/wp-content\/uploads\/2025\/02\/250225-pe-de-meia_05-216x270.jpeg 216w\" sizes=\"auto, (max-width: 819px) 100vw, 819px\" \/><\/a><\/td>\n<\/tr>\n<tr>\n<td style=\"width: 33.3333%;\"><a href=\"https:\/\/oliveiradosbrejinhos.com.br\/cetit\/wp-content\/uploads\/2025\/02\/250225-pe-de-meia_06.jpeg\" target=\"_blank\" rel=\"noopener\"><img loading=\"lazy\" decoding=\"async\" class=\"alignright wp-image-477 size-full\" src=\"https:\/\/oliveiradosbrejinhos.com.br\/cetit\/wp-content\/uploads\/2025\/02\/250225-pe-de-meia_06.jpeg\" alt=\"\" width=\"819\" height=\"1023\" srcset=\"https:\/\/oliveiradosbrejinhos.com.br\/cetit\/wp-content\/uploads\/2025\/02\/250225-pe-de-meia_06.jpeg 819w, https:\/\/oliveiradosbrejinhos.com.br\/cetit\/wp-content\/uploads\/2025\/02\/250225-pe-de-meia_06-240x300.jpeg 240w, https:\/\/oliveiradosbrejinhos.com.br\/cetit\/wp-content\/uploads\/2025\/02\/250225-pe-de-meia_06-768x959.jpeg 768w, https:\/\/oliveiradosbrejinhos.com.br\/cetit\/wp-content\/uploads\/2025\/02\/250225-pe-de-meia_06-216x270.jpeg 216w\" sizes=\"auto, (max-width: 819px) 100vw, 819px\" \/><\/a><\/td>\n<td style=\"width: 33.3333%;\"><a href=\"https:\/\/oliveiradosbrejinhos.com.br\/cetit\/wp-content\/uploads\/2025\/02\/250225-pe-de-meia_09.jpeg\" target=\"_blank\" rel=\"noopener\"><img loading=\"lazy\" decoding=\"async\" class=\"alignright wp-image-480 size-full\" src=\"https:\/\/oliveiradosbrejinhos.com.br\/cetit\/wp-content\/uploads\/2025\/02\/250225-pe-de-meia_09.jpeg\" alt=\"\" width=\"820\" height=\"1025\" srcset=\"https:\/\/oliveiradosbrejinhos.com.br\/cetit\/wp-content\/uploads\/2025\/02\/250225-pe-de-meia_09.jpeg 820w, https:\/\/oliveiradosbrejinhos.com.br\/cetit\/wp-content\/uploads\/2025\/02\/250225-pe-de-meia_09-240x300.jpeg 240w, https:\/\/oliveiradosbrejinhos.com.br\/cetit\/wp-content\/uploads\/2025\/02\/250225-pe-de-meia_09-768x960.jpeg 768w, https:\/\/oliveiradosbrejinhos.com.br\/cetit\/wp-content\/uploads\/2025\/02\/250225-pe-de-meia_09-216x270.jpeg 216w\" sizes=\"auto, (max-width: 820px) 100vw, 820px\" \/><\/a><\/td>\n<td style=\"width: 33.3333%;\"><a href=\"https:\/\/oliveiradosbrejinhos.com.br\/cetit\/wp-content\/uploads\/2025\/02\/250225-pe-de-meia_08.jpeg\" target=\"_blank\" rel=\"noopener\"><img loading=\"lazy\" decoding=\"async\" class=\"alignright wp-image-479 size-full\" src=\"https:\/\/oliveiradosbrejinhos.com.br\/cetit\/wp-content\/uploads\/2025\/02\/250225-pe-de-meia_08.jpeg\" alt=\"\" width=\"819\" height=\"1023\" srcset=\"https:\/\/oliveiradosbrejinhos.com.br\/cetit\/wp-content\/uploads\/2025\/02\/250225-pe-de-meia_08.jpeg 819w, https:\/\/oliveiradosbrejinhos.com.br\/cetit\/wp-content\/uploads\/2025\/02\/250225-pe-de-meia_08-240x300.jpeg 240w, https:\/\/oliveiradosbrejinhos.com.br\/cetit\/wp-content\/uploads\/2025\/02\/250225-pe-de-meia_08-768x959.jpeg 768w, https:\/\/oliveiradosbrejinhos.com.br\/cetit\/wp-content\/uploads\/2025\/02\/250225-pe-de-meia_08-216x270.jpeg 216w\" sizes=\"auto, (max-width: 819px) 100vw, 819px\" \/><\/a><\/td>\n<\/tr>\n<\/tbody>\n<\/table>\n<p><span style=\"font-size: 14pt;\">O P\u00e9-de-Meia \u00e9 um programa de incentivo financeiro-educacional voltado a estudantes matriculados no ensino m\u00e9dio p\u00fablico benefici\u00e1rios do Cadastro \u00danico para Programas Sociais do Governo Federal (Cad\u00danico). O programa funciona como uma&nbsp;<span class=\"visualHighlight\">poupan\u00e7a para promover a perman\u00eancia e a conclus\u00e3o escolar de estudantes nessa etapa de ensino<\/span>. Seu objetivo \u00e9 democratizar o acesso e reduzir a desigualdade social entre os jovens, al\u00e9m de fomentar a inclus\u00e3o educacional e estimular a mobilidade social.&nbsp;<\/span><\/p>\n<p>Mais informa\u00e7\u00f5es, visite o link abaixo!<\/p>\n<h4><a href=\"https:\/\/www.gov.br\/mec\/pt-br\/pe-de-meia\" target=\"_blank\" rel=\"noopener\">PROGRAMA P\u00c9 DE MEIA<\/a><\/h4>\n<hr>\n<h4>&nbsp;<\/h4>\n","protected":false},"excerpt":{"rendered":"<p>PROGRAMA P\u00c9 DE MEIA &nbsp; O P\u00e9-de-Meia \u00e9 um programa de incentivo financeiro-educacional voltado a estudantes matriculados no ensino m\u00e9dio p\u00fablico benefici\u00e1rios do Cadastro \u00danico para Programas Sociais do Governo Federal (Cad\u00danico). O programa funciona como uma&nbsp;poupan\u00e7a para promover a <a href=\"https:\/\/oliveiradosbrejinhos.com.br\/cetit\/cetit-utilidade-publica\/\" class=\"read-more\">Leia mais &#8230;<\/a><\/p>\n","protected":false},"author":1,"featured_media":487,"comment_status":"open","ping_status":"open","sticky":false,"template":"","format":"standard","meta":{"ngg_post_thumbnail":0,"footnotes":""},"categories":[1],"tags":[],"class_list":["post-468","post","type-post","status-publish","format-standard","has-post-thumbnail","hentry","category-blog"],"views":27,"_links":{"self":[{"href":"https:\/\/oliveiradosbrejinhos.com.br\/cetit\/wp-json\/wp\/v2\/posts\/468","targetHints":{"allow":["GET"]}}],"collection":[{"href":"https:\/\/oliveiradosbrejinhos.com.br\/cetit\/wp-json\/wp\/v2\/posts"}],"about":[{"href":"https:\/\/oliveiradosbrejinhos.com.br\/cetit\/wp-json\/wp\/v2\/types\/post"}],"author":[{"embeddable":true,"href":"https:\/\/oliveiradosbrejinhos.com.br\/cetit\/wp-json\/wp\/v2\/users\/1"}],"replies":[{"embeddable":true,"href":"https:\/\/oliveiradosbrejinhos.com.br\/cetit\/wp-json\/wp\/v2\/comments?post=468"}],"version-history":[{"count":6,"href":"https:\/\/oliveiradosbrejinhos.com.br\/cetit\/wp-json\/wp\/v2\/posts\/468\/revisions"}],"predecessor-version":[{"id":488,"href":"https:\/\/oliveiradosbrejinhos.com.br\/cetit\/wp-json\/wp\/v2\/posts\/468\/revisions\/488"}],"wp:featuredmedia":[{"embeddable":true,"href":"https:\/\/oliveiradosbrejinhos.com.br\/cetit\/wp-json\/wp\/v2\/media\/487"}],"wp:attachment":[{"href":"https:\/\/oliveiradosbrejinhos.com.br\/cetit\/wp-json\/wp\/v2\/media?parent=468"}],"wp:term":[{"taxonomy":"category","embeddable":true,"href":"https:\/\/oliveiradosbrejinhos.com.br\/cetit\/wp-json\/wp\/v2\/categories?post=468"},{"taxonomy":"post_tag","embeddable":true,"href":"https:\/\/oliveiradosbrejinhos.com.br\/cetit\/wp-json\/wp\/v2\/tags?post=468"}],"curies":[{"name":"wp","href":"https:\/\/api.w.org\/{rel}","templated":true}]}}