{"id":574,"date":"2025-09-27T22:55:15","date_gmt":"2025-09-27T22:55:15","guid":{"rendered":"https:\/\/oliveiradosbrejinhos.com.br\/cetit\/?p=574"},"modified":"2025-09-28T02:02:46","modified_gmt":"2025-09-28T02:02:46","slug":"cetit71anos","status":"publish","type":"post","link":"https:\/\/oliveiradosbrejinhos.com.br\/cetit\/cetit71anos\/","title":{"rendered":"CETIT &#8211; 71 ANOS"},"content":{"rendered":"<h1><span style=\"color: #003366;\">Hom<\/span><span style=\"color: #ff0000;\">ena<\/span>gem<\/h1>\n<p style=\"text-align: right;\"><em>Por: <strong>Carlos Dourado<\/strong><\/em><\/p>\n<p><span style=\"font-family: arial, helvetica, sans-serif; font-size: 14pt;\">A constru\u00e7\u00e3o meio enviesada<a href=\"https:\/\/oliveiradosbrejinhos.com.br\/cetit\/wp-content\/uploads\/2025\/09\/270925-_cet_niver.jpg\" target=\"_blank\" rel=\"noopener\"><img loading=\"lazy\" decoding=\"async\" class=\"alignright wp-image-577 size-medium\" src=\"https:\/\/oliveiradosbrejinhos.com.br\/cetit\/wp-content\/uploads\/2025\/09\/270925-_cet_niver-300x247.jpg\" alt=\"\" width=\"300\" height=\"247\" srcset=\"https:\/\/oliveiradosbrejinhos.com.br\/cetit\/wp-content\/uploads\/2025\/09\/270925-_cet_niver-300x247.jpg 300w, https:\/\/oliveiradosbrejinhos.com.br\/cetit\/wp-content\/uploads\/2025\/09\/270925-_cet_niver-1024x845.jpg 1024w, https:\/\/oliveiradosbrejinhos.com.br\/cetit\/wp-content\/uploads\/2025\/09\/270925-_cet_niver-768x633.jpg 768w, https:\/\/oliveiradosbrejinhos.com.br\/cetit\/wp-content\/uploads\/2025\/09\/270925-_cet_niver-1536x1267.jpg 1536w, https:\/\/oliveiradosbrejinhos.com.br\/cetit\/wp-content\/uploads\/2025\/09\/270925-_cet_niver-327x270.jpg 327w, https:\/\/oliveiradosbrejinhos.com.br\/cetit\/wp-content\/uploads\/2025\/09\/270925-_cet_niver.jpg 1552w\" sizes=\"auto, (max-width: 300px) 100vw, 300px\" \/><\/a><\/span><br \/>\n<span style=\"font-family: arial, helvetica, sans-serif; font-size: 14pt;\">Alinhada \u00e0 Duque de Caxias<\/span><br \/>\n<span style=\"font-family: arial, helvetica, sans-serif; font-size: 14pt;\">Pois dali ningu\u00e9m imaginava<\/span><br \/>\n<span style=\"font-family: arial, helvetica, sans-serif; font-size: 14pt;\">Que outra rua surgiria<\/span><br \/>\n<span style=\"font-family: arial, helvetica, sans-serif; font-size: 14pt;\">\u00c0 base de pau e pedra<\/span><br \/>\n<span style=\"font-family: arial, helvetica, sans-serif; font-size: 14pt;\">Essa escola ali se erguia.<\/span><\/p>\n<p><span style=\"font-family: arial, helvetica, sans-serif; font-size: 14pt;\">\u00c1gua \u00e0 beira da constru\u00e7\u00e3o<\/span><br \/>\n<span style=\"font-family: arial, helvetica, sans-serif; font-size: 14pt;\">Aos poucos as paredes subiam<\/span><br \/>\n<span style=\"font-family: arial, helvetica, sans-serif; font-size: 14pt;\">Homens pra l\u00e1 e pra c\u00e1<\/span><br \/>\n<span style=\"font-family: arial, helvetica, sans-serif; font-size: 14pt;\">Sem no\u00e7\u00e3o da hist\u00f3ria que escreviam<\/span><br \/>\n<span style=\"font-family: arial, helvetica, sans-serif; font-size: 14pt;\">E vem marcando por gera\u00e7\u00f5es<\/span><br \/>\n<span style=\"font-family: arial, helvetica, sans-serif; font-size: 14pt;\">No ensino, como institui\u00e7\u00e3o. Previam?<\/span><\/p>\n<p><span style=\"font-family: arial, helvetica, sans-serif; font-size: 14pt;\">Muro por ali n\u00e3o tinha<\/span><br \/>\n<span style=\"font-family: arial, helvetica, sans-serif; font-size: 14pt;\">Mas, sisal, quiabento e uma planta<\/span><br \/>\n<span style=\"font-family: arial, helvetica, sans-serif; font-size: 14pt;\">Que \u00e9 disputada at\u00e9 hoje<\/span><br \/>\n<span style=\"font-family: arial, helvetica, sans-serif; font-size: 14pt;\">De quem fora aquela m\u00e3o santa<\/span><br \/>\n<span style=\"font-family: arial, helvetica, sans-serif; font-size: 14pt;\">Que fez crescer e marcar<\/span><br \/>\n<span style=\"font-family: arial, helvetica, sans-serif; font-size: 14pt;\">T\u00e3o perfeita natureza que encanta.<\/span><\/p>\n<p><span style=\"font-family: arial, helvetica, sans-serif; font-size: 14pt;\">E foi assim<\/span><br \/>\n<span style=\"font-family: arial, helvetica, sans-serif; font-size: 14pt;\">Marias, Margarida e a crian\u00e7ada<\/span><br \/>\n<span style=\"font-family: arial, helvetica, sans-serif; font-size: 14pt;\">Juntadas numa s\u00f3 em seguida<\/span><br \/>\n<span style=\"font-family: arial, helvetica, sans-serif; font-size: 14pt;\">F\u00e1cil n\u00e3o era a caminhada<\/span><br \/>\n<span style=\"font-family: arial, helvetica, sans-serif; font-size: 14pt;\">Recursos? Que nada, s\u00f3 vida!<\/span><br \/>\n<span style=\"font-family: arial, helvetica, sans-serif; font-size: 14pt;\">Boa vontade e as b\u00ean\u00e7\u00e3os de Deus<\/span><br \/>\n<span style=\"font-family: arial, helvetica, sans-serif; font-size: 14pt;\">Estava a escola erguida.<\/span><\/p>\n<p><span style=\"font-family: arial, helvetica, sans-serif; font-size: 14pt;\">Escolas reunidas, col\u00e9gio<\/span><br \/>\n<span style=\"font-family: arial, helvetica, sans-serif; font-size: 14pt;\">Privil\u00e9gio dos que por ali passaram<\/span><br \/>\n<span style=\"font-family: arial, helvetica, sans-serif; font-size: 14pt;\">Crian\u00e7as, adultos, idosos<\/span><br \/>\n<span style=\"font-family: arial, helvetica, sans-serif; font-size: 14pt;\">Professores, coordenadores, servidores<\/span><br \/>\n<span style=\"font-family: arial, helvetica, sans-serif; font-size: 14pt;\">Cada um buscando se realizar<\/span><br \/>\n<span style=\"font-family: arial, helvetica, sans-serif; font-size: 14pt;\">Sim, era um lugar para tudo<\/span><br \/>\n<span style=\"font-family: arial, helvetica, sans-serif; font-size: 14pt;\">De quatro salas, cinco<\/span><br \/>\n<span style=\"font-family: arial, helvetica, sans-serif; font-size: 14pt;\">De um pavilh\u00e3o, dois<\/span><br \/>\n<span style=\"font-family: arial, helvetica, sans-serif; font-size: 14pt;\">E s\u00f3 tende a aumentar.<\/span><\/p>\n<p><span style=\"font-family: arial, helvetica, sans-serif; font-size: 14pt;\">Casinhas de cachorro at\u00e9 ar refrigerado<\/span><br \/>\n<span style=\"font-family: arial, helvetica, sans-serif; font-size: 14pt;\">N\u00e3o importa muito a situa\u00e7\u00e3o<\/span><br \/>\n<span style=\"font-family: arial, helvetica, sans-serif; font-size: 14pt;\">Em que momento da hist\u00f3ria se deu<\/span><br \/>\n<span style=\"font-family: arial, helvetica, sans-serif; font-size: 14pt;\">Essa marca no seu cora\u00e7\u00e3o<\/span><br \/>\n<span style=\"font-family: arial, helvetica, sans-serif; font-size: 14pt;\">O que se sabe \u00e9 que o CET\/CETIT<\/span><br \/>\n<span style=\"font-family: arial, helvetica, sans-serif; font-size: 14pt;\">Sempre marcou essa gera\u00e7\u00e3o.<\/span><\/p>\n<p><span style=\"font-family: arial, helvetica, sans-serif; font-size: 14pt;\">Desfiles, projetos, programas<\/span><br \/>\n<span style=\"font-family: arial, helvetica, sans-serif; font-size: 14pt;\">Ao ar livre, interno, sempre para o povo<\/span><br \/>\n<span style=\"font-family: arial, helvetica, sans-serif; font-size: 14pt;\">N\u00e3o importa se repete todo ano<\/span><br \/>\n<span style=\"font-family: arial, helvetica, sans-serif; font-size: 14pt;\">A comunidade sempre quer de novo<\/span><br \/>\n<span style=\"font-family: arial, helvetica, sans-serif; font-size: 14pt;\">Pois a marca das equipes que ali servem<\/span><br \/>\n<span style=\"font-family: arial, helvetica, sans-serif; font-size: 14pt;\">T\u00eam vontade e empenho, sem estorvo.<\/span><\/p>\n<p><span style=\"font-family: arial, helvetica, sans-serif; font-size: 14pt;\">\u00c0s fam\u00edlias, estudantes, profissionais<\/span><br \/>\n<span style=\"font-family: arial, helvetica, sans-serif; font-size: 14pt;\">Muitos que por ela passaram<\/span><br \/>\n<span style=\"font-family: arial, helvetica, sans-serif; font-size: 14pt;\">E seguiram caminhos diversos<\/span><br \/>\n<span style=\"font-family: arial, helvetica, sans-serif; font-size: 14pt;\">Com alguns o tempo foi perverso<\/span><br \/>\n<span style=\"font-family: arial, helvetica, sans-serif; font-size: 14pt;\">E os levou sem parcim\u00f4nia<\/span><br \/>\n<span style=\"font-family: arial, helvetica, sans-serif; font-size: 14pt;\">Ainda assim, os resultados conseguidos<\/span><br \/>\n<span style=\"font-family: arial, helvetica, sans-serif; font-size: 14pt;\">Merecem infinitas cerim\u00f4nias.<\/span><\/p>\n<p><span style=\"font-family: arial, helvetica, sans-serif; font-size: 14pt;\">Ber\u00e7o de artistas, doutores, cidad\u00e3os<\/span><br \/>\n<span style=\"font-family: arial, helvetica, sans-serif; font-size: 14pt;\">Elevada estima \u00e0 comunidade<\/span><br \/>\n<span style=\"font-family: arial, helvetica, sans-serif; font-size: 14pt;\">Alcan\u00e7a fam\u00edlias, interior, outros caminhos<\/span><br \/>\n<span style=\"font-family: arial, helvetica, sans-serif; font-size: 14pt;\">Leva-os e os traz \u00e0 cidade<\/span><br \/>\n<span style=\"font-family: arial, helvetica, sans-serif; font-size: 14pt;\">Acolhe, orienta, ensina,<\/span><br \/>\n<span style=\"font-family: arial, helvetica, sans-serif; font-size: 14pt;\">Com respeito m\u00e1ximo \u00e0 diversidade.<\/span><\/p>\n<p><span style=\"font-family: arial, helvetica, sans-serif; font-size: 14pt;\">Desafio \u00e9 o que n\u00e3o falta<\/span><br \/>\n<span style=\"font-family: arial, helvetica, sans-serif; font-size: 14pt;\">Afinal, agradar a muitos \u00e9 complicado<\/span><br \/>\n<span style=\"font-family: arial, helvetica, sans-serif; font-size: 14pt;\">Mas, de tudo uma certeza:<\/span><br \/>\n<span style=\"font-family: arial, helvetica, sans-serif; font-size: 14pt;\">Ningu\u00e9m \u00e9 deixado de lado<\/span><br \/>\n<span style=\"font-family: arial, helvetica, sans-serif; font-size: 14pt;\">Ent\u00e3o, junte-se a essa luta<\/span><br \/>\n<span style=\"font-family: arial, helvetica, sans-serif; font-size: 14pt;\">Por dias melhores e um mundo equilibrado.<\/span><\/p>\n<p><span style=\"font-family: arial, helvetica, sans-serif; font-size: 14pt;\">Parab\u00e9ns, ESCOLA\/CET\/CETIT<\/span><br \/>\n<span style=\"font-family: arial, helvetica, sans-serif; font-size: 14pt;\">Pelos anos de servi\u00e7os prestados<\/span><br \/>\n<span style=\"font-family: arial, helvetica, sans-serif; font-size: 14pt;\">Que consiga sempre deixar uma marca<\/span><br \/>\n<span style=\"font-family: arial, helvetica, sans-serif; font-size: 14pt;\">Nos seus cidad\u00e3os estimados<\/span><br \/>\n<span style=\"font-family: arial, helvetica, sans-serif; font-size: 14pt;\">E que esta e outras gera\u00e7\u00f5es<\/span><br \/>\n<span style=\"font-family: arial, helvetica, sans-serif; font-size: 14pt;\">Sempre reconhe\u00e7am o seu legado.<\/span><\/p>\n<hr>\n<p>&nbsp;<\/p>\n<p><strong><span style=\"font-size: 14pt; font-family: arial, helvetica, sans-serif;\">Ol\u00e1, Estudantes do CETIT!<\/span><\/strong><\/p>\n<p><span style=\"font-size: 14pt; font-family: arial, helvetica, sans-serif;\">Neste dia <strong>27\/09<\/strong> (s\u00e1bado letivo), celebramos o <strong>Anivers\u00e1rio da Escola<\/strong>, evento organizado pelos professores do <strong>Programa Educa Mais Bahia<\/strong> e estudantes que participam das oficinas.<\/span><\/p>\n<p><span style=\"font-size: 14pt; font-family: arial, helvetica, sans-serif;\">\u2753Perguntas frequentes:<\/span><br \/>\n<span style=\"font-size: 14pt; font-family: arial, helvetica, sans-serif;\">&#8211; \ud83d\udd16Local? No <strong>Teatro do CETIT<\/strong>.<\/span><br \/>\n<span style=\"font-size: 14pt; font-family: arial, helvetica, sans-serif;\">&#8211; \ud83d\udd16O uso do uniforme \u00e9 necess\u00e1rio? <strong>SIM.<\/strong> \u00c9 a identifica\u00e7\u00e3o do estudante.<\/span><br \/>\n<span style=\"font-size: 14pt; font-family: arial, helvetica, sans-serif;\">&#8211; \ud83d\udd16Precisa trazer mochila? <strong>N\u00c3O.<\/strong><\/span><br \/>\n<span style=\"font-size: 14pt; font-family: arial, helvetica, sans-serif;\">&#8211; \ud83d\udd16E como iremos? Haver\u00e1 transporte para quem reside nas comunidades. A combina\u00e7\u00e3o de hor\u00e1rios deve ser feita com o pr\u00f3prio motorista.<\/span><br \/>\n<span style=\"font-size: 14pt; font-family: arial, helvetica, sans-serif;\">&#8211; \ud83d\udd16Pessoas de fora podem participar? <strong>Sim.<\/strong> O evento \u00e9 <strong>aberto ao p\u00fablico<\/strong>.<\/span><br \/>\n<span style=\"font-size: 14pt; font-family: arial, helvetica, sans-serif;\">&#8211; Qual \u00e9 o hor\u00e1rio de in\u00edcio e t\u00e9rmino? Iniciaremos \u00e0s <strong>14h<\/strong> com previs\u00e3o de t\u00e9rmino \u00e0s <strong>17h.<\/strong> <\/span><br \/>\n<span style=\"font-size: 14pt; font-family: arial, helvetica, sans-serif;\">&#8211; Haver\u00e1 lanche? Com toda certeza! \u263a\ufe0f<\/span><\/p>\n<p><span style=\"font-size: 14pt; font-family: arial, helvetica, sans-serif;\">Esperamos voc\u00eas!<\/span><br \/>\n<span style=\"font-size: 14pt;\"><strong>A Equipe Gestora.<\/strong><\/span><\/p>\n<hr>\n<h3><strong>GALERIA<\/strong><\/h3>\n<p>Ajeitando&#8230;<\/p>\n<!-- publicalbum.org -->\n<div class=\"pa-gallery-player-widget\" style=\"display:none;width:100%;height:480px;\" data-link=\"https:\/\/photos.app.goo.gl\/XEYHTWeFdLeB63fcA\" data-found=\"24\" data-title=\"CETIT - 71 ANOS \u00b7 Saturday, Sep 27, 2025 \ud83d\udcf8\"><object data=\"https:\/\/lh3.googleusercontent.com\/pw\/AP1GczOA5cpJP0VK-z5V2mne4fPsd1QJrVpS4W7aqG1VAB8NkWBKCKCbJvq-B5cI8shS6Os__ESXPsoO_ZyBf18kthZBvcchn_fgRrfUAgGIX5NfPOHND33D=w1920-h1080\"><\/object><object data=\"https:\/\/lh3.googleusercontent.com\/pw\/AP1GczPXIkg58WgzMbNmx_GoTpwH7l9yLla28CijxACJDWHfTdxLMevSrMyKyxjksueRc---Nh2RSfetT6aIrkVlISzX62PV4CUX2w5IuKtcZ5L2biPwCY6C=w1920-h1080\"><\/object><object data=\"https:\/\/lh3.googleusercontent.com\/pw\/AP1GczP0cHXEF8-UP8AmPoG-kCSs490cdUUikogC6s5D2jTFd2MooP3OZcXIX1uAWe_9LHEvFGex6dqyWP-QK4lLpYb0uIKsj3NwYXgZ1Z2fxexOhgK-2omE=w1920-h1080\"><\/object><object data=\"https:\/\/lh3.googleusercontent.com\/pw\/AP1GczPWGGAu0v1fE8-2BLtxXACAit1TbJ9xMFSkCOYsoWvZon7WU9hni41aKISalV1j0QIpRCMeb4_KyvKDFGdMSWquvb6BmAd8M1KPsolKEUo5m9FJuBR8=w1920-h1080\"><\/object><object data=\"https:\/\/lh3.googleusercontent.com\/pw\/AP1GczOIpM1OVmIiWUOxa4TAXlqNtIqGrTMhAgPbnyZoS95ZzXCT22xteDd5IYPif3oAGD7Z_8ajqpCOW-DhpQbAp3gOa8jPBkcsVUZtRHTIQftJXnGZhpUt=w1920-h1080\"><\/object><object data=\"https:\/\/lh3.googleusercontent.com\/pw\/AP1GczMyK7ZfpyijidDJLJGAlVdC7-ICcID8icUzWDqbMXhNCOpYC3rdgjeb6wRkbQ0Iq17rnVMn5KZcBuXrrpMSKUBmpXE7AivAhAknTSNLMOyE5ltJ5vNM=w1920-h1080\"><\/object><object data=\"https:\/\/lh3.googleusercontent.com\/pw\/AP1GczMxYZ72Lkgfjg8hmNBx6PnBqrx_7Q7jCJ1QZTFUIt5DKQ8ZMW3dcqCgz0jkgyURQn8pSVukl6II1OMsqw1O9TVbEAMquduQQ6ppMBBx_n7EB5b3zGh-=w1920-h1080\"><\/object><object data=\"https:\/\/lh3.googleusercontent.com\/pw\/AP1GczN8UWT6MzBnhC9AcZxMc85gxUZmWV3TxRTMZw2uzxMVHX6WcsraKQ1vBD9YF7iYUo4nlCn05oU1hPuOEByqtY4OWPqMjsY19wTJ1MtDa0i5MMpTOoU6=w1920-h1080\"><\/object><object data=\"https:\/\/lh3.googleusercontent.com\/pw\/AP1GczNmkkJnH6NCpbMDkD2u26czyp1e-KV3hifVD90WKmZ-YnWVJW3KlPqRnaLgwA2FF4ekgcUUfIGK9GULFspE_LTpSQogWPNUiZHhfb6lS_AuPz3GqEeY=w1920-h1080\"><\/object><object data=\"https:\/\/lh3.googleusercontent.com\/pw\/AP1GczNoJWDiqgGr3Y1BfmfnhVUbILrjQE39x7GhYrhDlo8FHUVN3l8bkNYqoQD2JbWkXeVXFbKFYW2PhlQd6TiGWtz43gL0EWoC8KMmYSQDWo98DuYzuHU8=w1920-h1080\"><\/object><object data=\"https:\/\/lh3.googleusercontent.com\/pw\/AP1GczMTMSEhFwNS_5vP6WzEi_CBLXsqKd4QaYCp60gQ_k5TkSgBycBPz4XQJpPy48SaCEefuZ6-REx4k03b4SBfezay5zzwKr169jsMpzAPIfZ5RVAurUUW=w1920-h1080\"><\/object><object data=\"https:\/\/lh3.googleusercontent.com\/pw\/AP1GczOYALylud4mD0LKIGSOw_U-wtlHDySOuQNBWwmr89QHs4AqkJp64uRCIIW96Mp56gz6yWiwmqDOhgVxNwbd6ss6IJE5F8z6u1n3Pa4lwBRp3CuVRK-b=w1920-h1080\"><\/object><object data=\"https:\/\/lh3.googleusercontent.com\/pw\/AP1GczOqHa5NegCuZ5WF__pWefZVYoXX2B1RgoTztPMB5uIG2Q65XtFAT_JPHKQ-mqUtlgTST9ZoGRNnxAM5NW-vgNno_O3H_fr0jqZmUKQmjXZXWoGyX2hK=w1920-h1080\"><\/object><object data=\"https:\/\/lh3.googleusercontent.com\/pw\/AP1GczPwAasbCffTuuzj0DN08KFBL1uQ2oYbID1ehFsFUwx5NOSnqa-6X6plOVsngx4yC7tOSG6TEX9iUXAcvxkep-QlkffxK-AL8u-sqveTaPZYm2fsE8GK=w1920-h1080\"><\/object><object data=\"https:\/\/lh3.googleusercontent.com\/pw\/AP1GczNrcFKFO6oHX3GxIvjs3vkTBmvU-lAw4xVye_VO_TzrvkcF3n7jOOEx2dUzy3kT8Cw-PQH5031UIxRtJPrUwtfOayXczmunWvScwLHiW7Zu_17TIK_S=w1920-h1080\"><\/object><object data=\"https:\/\/lh3.googleusercontent.com\/pw\/AP1GczPygYMrnIoAD6Ai-nxEJIw_fT0OZTR81eTkRv4w5nlK0eudAzgTWYf0wf-FySb9dK6Ge0XsFnQcyp0IGIx5hDZ9KlwqyBgVR3mgHXiOgqU6qpjrWvEn=w1920-h1080\"><\/object><object data=\"https:\/\/lh3.googleusercontent.com\/pw\/AP1GczNAHhNCp_s2sSkEx2PMHLopfQxm_i4RM5EqgaMFnFKfJYJUiaanwNfpqpEQOHl7frf67bcy1rrWltjjbgCJU1rVFRgNjn5D4DSYjuP9EwMyHHzAfS5t=w1920-h1080\"><\/object><object data=\"https:\/\/lh3.googleusercontent.com\/pw\/AP1GczOOHEf9T_1yPXrvbrH6JuJDJF8YyJUfPn8TlcsaIgqtB3IyB3vmn6TCvbNYr8EG8LgniWpiA4PiydrL0DfLAh9wFUQ0-3utQX9oZYkZzkdoXuO8T-VN=w1920-h1080\"><\/object><object data=\"https:\/\/lh3.googleusercontent.com\/pw\/AP1GczNCodqSfvuunsLBCnXoRBBMhe9O3fkvYc5N7TS2jSKM3axc7zFrP-K3iUb-WcaBZZ9OfJ4OCKjct8uNelDMa0B5Hdi0Az6rsPyLVmiNYRtWmZ7U0-cd=w1920-h1080\"><\/object><object data=\"https:\/\/lh3.googleusercontent.com\/pw\/AP1GczOFa2zmo8nqlkMFIbAtrQMWeeWYdSP9ZMIylv2BSXbc5_z7N2loinqMOjbMX6zNxlVLQz7sHwrismzEBMG6ur8NdTL6CIzRpTUYVQCsbWJPnHtJoQXT=w1920-h1080\"><\/object><object data=\"https:\/\/lh3.googleusercontent.com\/pw\/AP1GczPwBnS1tRo1Xuh1qszcXVh6TkTYsF5mnB8xnTy12J_c-uN-sF_CC24KPx78htFJUqdus4gA6ZBML9JMgfb7j-bv7Fn-G-wOv6hZOe_2KcJaYu4wv5i6=w1920-h1080\"><\/object><object data=\"https:\/\/lh3.googleusercontent.com\/pw\/AP1GczOGKdUwzKZIgBCaeQwMPU2S0a992-fENhkbDnyHlPaeiF19ZxPdIkuMLSv7U3RJ0xnducrY8LjVRVY4SjyJEJarpIn9HudN-CkruDIAOVOPNHEpjOzd=w1920-h1080\"><\/object><object data=\"https:\/\/lh3.googleusercontent.com\/pw\/AP1GczPA1gtuwuQJ_HBU2Stnkm5_RzgJKOEqOUwQ4jMUc09mzwOJcBU9JaAs_-jxLdEQvXGOVg0Qx8zcQhwUJPMGJQ5i2QgTsruvVKosUqUSY_Lx_Pro_V6K=w1920-h1080\"><\/object><object data=\"https:\/\/lh3.googleusercontent.com\/pw\/AP1GczO_SVh_jTyKsrZldCwX8alIbNzPVv6tqzG93I-VMCbl70yOTJbui9K6-uYYFeyoqw2GR7ogQ2VoSTMf_oft908t1_qhixLiwQwKFxv_Y_XoUhWmNWrG=w1920-h1080\"><\/object><\/div>\n\n<hr>\n<h4>V\u00eddeo apresentado durante o evento:<br \/>\n<iframe loading=\"lazy\" title=\"YouTube video player\" src=\"https:\/\/www.youtube.com\/embed\/qBYFzlqCxx4?si=TdvL1gN42SXHv9_H\" width=\"560\" height=\"315\" frameborder=\"0\" allowfullscreen=\"allowfullscreen\"><\/iframe><\/h4>\n<hr>\n<h4>Um \u00edcone!<\/h4>\n<h4><a href=\"https:\/\/oliveiradosbrejinhos.com.br\/cetit\/wp-content\/uploads\/2025\/09\/270925_cet_tree-scaled.jpg\" target=\"_blank\" rel=\"noopener\"><img loading=\"lazy\" decoding=\"async\" class=\"alignleft wp-image-582 size-full\" src=\"https:\/\/oliveiradosbrejinhos.com.br\/cetit\/wp-content\/uploads\/2025\/09\/270925_cet_tree-scaled.jpg\" alt=\"\" width=\"2560\" height=\"1920\" srcset=\"https:\/\/oliveiradosbrejinhos.com.br\/cetit\/wp-content\/uploads\/2025\/09\/270925_cet_tree-scaled.jpg 2560w, https:\/\/oliveiradosbrejinhos.com.br\/cetit\/wp-content\/uploads\/2025\/09\/270925_cet_tree-300x225.jpg 300w, https:\/\/oliveiradosbrejinhos.com.br\/cetit\/wp-content\/uploads\/2025\/09\/270925_cet_tree-1024x768.jpg 1024w, https:\/\/oliveiradosbrejinhos.com.br\/cetit\/wp-content\/uploads\/2025\/09\/270925_cet_tree-768x576.jpg 768w, https:\/\/oliveiradosbrejinhos.com.br\/cetit\/wp-content\/uploads\/2025\/09\/270925_cet_tree-1536x1152.jpg 1536w, https:\/\/oliveiradosbrejinhos.com.br\/cetit\/wp-content\/uploads\/2025\/09\/270925_cet_tree-2048x1536.jpg 2048w, https:\/\/oliveiradosbrejinhos.com.br\/cetit\/wp-content\/uploads\/2025\/09\/270925_cet_tree-360x270.jpg 360w\" sizes=\"auto, (max-width: 2560px) 100vw, 2560px\" \/><\/a>&nbsp;<\/h4>\n<p>&nbsp;<\/p>\n","protected":false},"excerpt":{"rendered":"<p>Homenagem Por: Carlos Dourado A constru\u00e7\u00e3o meio enviesada Alinhada \u00e0 Duque de Caxias Pois dali ningu\u00e9m imaginava Que outra rua surgiria \u00c0 base de pau e pedra Essa escola ali se erguia. \u00c1gua \u00e0 beira da constru\u00e7\u00e3o Aos poucos as <a href=\"https:\/\/oliveiradosbrejinhos.com.br\/cetit\/cetit71anos\/\" class=\"read-more\">Leia mais &#8230;<\/a><\/p>\n","protected":false},"author":1,"featured_media":579,"comment_status":"open","ping_status":"open","sticky":false,"template":"","format":"standard","meta":{"ngg_post_thumbnail":0,"footnotes":""},"categories":[17,19,27],"tags":[],"class_list":["post-574","post","type-post","status-publish","format-standard","has-post-thumbnail","hentry","category-eventos","category-projetos-artisticos-culturais-pedagogicos","category-realizacoes"],"views":24,"_links":{"self":[{"href":"https:\/\/oliveiradosbrejinhos.com.br\/cetit\/wp-json\/wp\/v2\/posts\/574","targetHints":{"allow":["GET"]}}],"collection":[{"href":"https:\/\/oliveiradosbrejinhos.com.br\/cetit\/wp-json\/wp\/v2\/posts"}],"about":[{"href":"https:\/\/oliveiradosbrejinhos.com.br\/cetit\/wp-json\/wp\/v2\/types\/post"}],"author":[{"embeddable":true,"href":"https:\/\/oliveiradosbrejinhos.com.br\/cetit\/wp-json\/wp\/v2\/users\/1"}],"replies":[{"embeddable":true,"href":"https:\/\/oliveiradosbrejinhos.com.br\/cetit\/wp-json\/wp\/v2\/comments?post=574"}],"version-history":[{"count":12,"href":"https:\/\/oliveiradosbrejinhos.com.br\/cetit\/wp-json\/wp\/v2\/posts\/574\/revisions"}],"predecessor-version":[{"id":576,"href":"https:\/\/oliveiradosbrejinhos.com.br\/cetit\/wp-json\/wp\/v2\/posts\/574\/revisions\/576"}],"wp:featuredmedia":[{"embeddable":true,"href":"https:\/\/oliveiradosbrejinhos.com.br\/cetit\/wp-json\/wp\/v2\/media\/579"}],"wp:attachment":[{"href":"https:\/\/oliveiradosbrejinhos.com.br\/cetit\/wp-json\/wp\/v2\/media?parent=574"}],"wp:term":[{"taxonomy":"category","embeddable":true,"href":"https:\/\/oliveiradosbrejinhos.com.br\/cetit\/wp-json\/wp\/v2\/categories?post=574"},{"taxonomy":"post_tag","embeddable":true,"href":"https:\/\/oliveiradosbrejinhos.com.br\/cetit\/wp-json\/wp\/v2\/tags?post=574"}],"curies":[{"name":"wp","href":"https:\/\/api.w.org\/{rel}","templated":true}]}}